{"id":3714,"date":"2024-05-14T22:22:46","date_gmt":"2024-05-14T21:22:46","guid":{"rendered":"https:\/\/www.ekaterine.de\/?p=3714"},"modified":"2025-05-25T13:38:25","modified_gmt":"2025-05-25T12:38:25","slug":"anuncio-del-concierto-para-piano-no-2-en-si-bemol-mayor-op-83-de-johannes-brahms-con-la-orquesta-sinfonica-de-leipzig-dirigida-por-robbert-van-steijn","status":"publish","type":"post","link":"https:\/\/www.ekaterine.de\/es\/anuncio-del-concierto-para-piano-no-2-en-si-bemol-mayor-op-83-de-johannes-brahms-con-la-orquesta-sinfonica-de-leipzig-dirigida-por-robbert-van-steijn\/","title":{"rendered":"Concierto para piano n.\u00ba 2 en si bemol mayor, Op. 83 de Johannes Brahms con la Orquesta Sinf\u00f3nica de Leipzig dirigida por Robbert van Steijn"},"content":{"rendered":"<p>Durante tres veladas en junio de 2025, Ekaterine Khvedelidze y la Orquesta Sinf\u00f3nica de Leipzig, bajo la direcci\u00f3n de Robbert van Steijn, presentar\u00e1n el Concierto para piano n.\u00ba 2 de Brahms:<\/p>\n<ul>\n<li>Viernes, 06.06.2025 en la Kulturhaus B\u00f6hlen<\/li>\n<li>S\u00e1bado, 07.06.2025 en la Lindensaal Markkleeberg<\/li>\n<li>Domingo 08.06.2025 en el Centro Cultural de la ciudad de Borna<\/li>\n<\/ul>\n<figure id=\"attachment_3716\" aria-describedby=\"caption-attachment-3716\" style=\"width: 230px\" class=\"wp-caption alignright\"><img loading=\"lazy\" decoding=\"async\" class=\"wp-image-3716 size-full\" src=\"https:\/\/www.ekaterine.de\/wp-content\/uploads\/2024\/02\/Robbert-van-Steijn-Photo.jpg\" alt=\"Robbert Van Steijn - Director Titular y Director General de M\u00fasica de la Orquesta Sinf\u00f3nica de Leipzig\" width=\"230\" height=\"250\" title=\"Ekaterine Khvedelidze\" srcset=\"https:\/\/www.ekaterine.de\/wp-content\/uploads\/2024\/02\/Robbert-van-Steijn-Photo.jpg 230w, https:\/\/www.ekaterine.de\/wp-content\/uploads\/2024\/02\/Robbert-van-Steijn-Photo-11x12.jpg 11w\" sizes=\"auto, (max-width: 230px) 100vw, 230px\" \/><figcaption id=\"caption-attachment-3716\" class=\"wp-caption-text\">Robbert Van Steijn - Director Titular y Director General de M\u00fasica de la Orquesta Sinf\u00f3nica de Leipzig<\/figcaption><\/figure>\n<p style=\"text-align: left;\">El Concierto para piano n\u00ba 2 en si bemol mayor, Op. 83, de Johannes Brahms es una de las obras cumbres de la literatura pian\u00edstica rom\u00e1ntica. Fue terminado en 1881. A menudo conocido simplemente como el 2\u00ba Concierto para piano de Brahms, la obra consta de cuatro movimientos, algo inusual para un concierto de esta \u00e9poca, ya que la mayor\u00eda de los conciertos s\u00f3lo tienen tres movimientos.<\/p>\n<p style=\"text-align: left;\">Los cuatro movimientos son:<\/p>\n<p style=\"text-align: left;\">1\u00ba Allegro non troppo<br \/>\n2\u00ba Allegro appassionato<br \/>\n3er Andante<br \/>\n4\u00ba Allegretto grazioso<\/p>\n<p style=\"text-align: left;\">Brahms comenz\u00f3 a trabajar en este concierto varios a\u00f1os despu\u00e9s de su primer concierto para piano. El Segundo concierto para piano de Brahms es conocido por sus exigencias t\u00e9cnicas para el solista y su rico sonido orquestal. La obra fue recibida con gran entusiasmo por el p\u00fablico en su estreno el 9 de noviembre de 1881 en Budapest (con el propio Brahms al piano y Alexander Erkel dirigiendo).<\/p>\n<p style=\"text-align: left;\">Se considera, con raz\u00f3n, uno de los conciertos para piano m\u00e1s importantes de la m\u00fasica rom\u00e1ntica.<\/p>\n<figure id=\"attachment_3575\" aria-describedby=\"caption-attachment-3575\" style=\"width: 1024px\" class=\"wp-caption aligncenter\"><img loading=\"lazy\" decoding=\"async\" class=\"wp-image-3575 size-large\" src=\"https:\/\/www.ekaterine.de\/wp-content\/uploads\/2020\/12\/Ekaterine-Khvedelidze-Leipzig-November-2022-Kopie-1-1024x645.jpg\" alt=\"La Orquesta Sinf\u00f3nica de Leipzig y Ekaterine Khvedelidze en un concierto de Scriabin en Leipzig en noviembre de 2022.\" width=\"1024\" height=\"645\" title=\"Ekaterine Khvedelidze\" srcset=\"https:\/\/www.ekaterine.de\/wp-content\/uploads\/2020\/12\/Ekaterine-Khvedelidze-Leipzig-November-2022-Kopie-1-1024x645.jpg 1024w, https:\/\/www.ekaterine.de\/wp-content\/uploads\/2020\/12\/Ekaterine-Khvedelidze-Leipzig-November-2022-Kopie-1-400x252.jpg 400w, https:\/\/www.ekaterine.de\/wp-content\/uploads\/2020\/12\/Ekaterine-Khvedelidze-Leipzig-November-2022-Kopie-1-768x484.jpg 768w, https:\/\/www.ekaterine.de\/wp-content\/uploads\/2020\/12\/Ekaterine-Khvedelidze-Leipzig-November-2022-Kopie-1-1536x967.jpg 1536w, https:\/\/www.ekaterine.de\/wp-content\/uploads\/2020\/12\/Ekaterine-Khvedelidze-Leipzig-November-2022-Kopie-1-18x12.jpg 18w, https:\/\/www.ekaterine.de\/wp-content\/uploads\/2020\/12\/Ekaterine-Khvedelidze-Leipzig-November-2022-Kopie-1.jpg 1588w\" sizes=\"auto, (max-width: 1024px) 100vw, 1024px\" \/><figcaption id=\"caption-attachment-3575\" class=\"wp-caption-text\">La Orquesta Sinf\u00f3nica de Leipzig y Ekaterine Khvedelidze en un concierto de Scriabin en Leipzig en noviembre de 2022.<\/figcaption><\/figure>\n<p style=\"text-align: left;\">A la visi\u00f3n general de la <a href=\"https:\/\/www.ekaterine.de\/es\/konzerte\/\">Conciertos para piano Ekaterine Khvedelidze<\/a><\/p>\n<p>&nbsp;<\/p>\n<h3>ROBBERT VAN STEIJN<\/h3>\n<figure id=\"attachment_3716\" aria-describedby=\"caption-attachment-3716\" style=\"width: 150px\" class=\"wp-caption alignright\"><img loading=\"lazy\" decoding=\"async\" class=\"wp-image-3716 size-thumbnail\" src=\"https:\/\/www.ekaterine.de\/wp-content\/uploads\/2024\/02\/Robbert-van-Steijn-Photo-150x150.jpg\" alt=\"Robbert van Steijn\" width=\"150\" height=\"150\" title=\"Ekaterine Khvedelidze\" srcset=\"https:\/\/www.ekaterine.de\/wp-content\/uploads\/2024\/02\/Robbert-van-Steijn-Photo-150x150.jpg 150w, https:\/\/www.ekaterine.de\/wp-content\/uploads\/2024\/02\/Robbert-van-Steijn-Photo-11x12.jpg 11w\" sizes=\"auto, (max-width: 150px) 100vw, 150px\" \/><figcaption id=\"caption-attachment-3716\" class=\"wp-caption-text\">Robbert van Steijn<\/figcaption><\/figure>\n<p>Robbert van Steijn es sin\u00f3nimo de diversidad y versatilidad. Robbert van Steijn es director titular y general de la Orquesta Sinf\u00f3nica de Leipzig desde el oto\u00f1o de 2021. Entre 2012 y 2016, fue Primer Kapellmeister de la Staatskapelle Halle y Kapellmeister de la \u00d3pera de Halle. Como tal, dirigi\u00f3 muchas actuaciones y conciertos. Tambi\u00e9n cre\u00f3 un ciclo de conciertos de m\u00fasica contempor\u00e1nea (Farben der Moderne) y varios proyectos de educaci\u00f3n musical.<\/p>\n<h3>ORQUESTA SINF\u00d3NICA DE LEIPZIG<\/h3>\n<figure id=\"attachment_3715\" aria-describedby=\"caption-attachment-3715\" style=\"width: 150px\" class=\"wp-caption alignright\"><img loading=\"lazy\" decoding=\"async\" class=\"size-thumbnail wp-image-3715\" src=\"https:\/\/www.ekaterine.de\/wp-content\/uploads\/2024\/02\/Robbert-van-Steijn-\u2013-LSO-150x150.jpg\" alt=\"Orquesta Sinf\u00f3nica de Leipzig\" width=\"150\" height=\"150\" title=\"Ekaterine Khvedelidze\"><figcaption id=\"caption-attachment-3715\" class=\"wp-caption-text\">Orquesta Sinf\u00f3nica de Leipzig<\/figcaption><\/figure>\n<p>La Orquesta Sinf\u00f3nica de Leipzig ha colaborado tradicionalmente con las academias de m\u00fasica de Leipzig, Weimar y Dresde. Durante muchos a\u00f1os, la orquesta ha acogido clases magistrales con Kurt Masur, Kenneth Kiesler, Vladimir Ponkin y otros. Su sede es la Kulturhaus B\u00f6hlen, que ofrece unas condiciones espaciales y ac\u00fasticas ideales.<\/p>","protected":false},"excerpt":{"rendered":"<p>En tres veladas de junio de 2025, Ekaterine Khvedelidze y la Orquesta Sinf\u00f3nica de Leipzig, bajo la direcci\u00f3n de Robbert van Steijn, presentar\u00e1n el Concierto para piano n.\u00ba 2 de Brahms: Viernes, 6 de junio de 2025 en el ...<\/p>","protected":false},"author":1,"featured_media":3803,"comment_status":"closed","ping_status":"closed","sticky":false,"template":"","format":"standard","meta":{"_acf_changed":false,"_analytify_skip_tracking":false,"footnotes":""},"categories":[72,75],"tags":[223,214,241,230],"class_list":["post-3714","post","type-post","status-publish","format-standard","has-post-thumbnail","hentry","category-pressemitteilungen","category-news","tag-brahms","tag-konzert","tag-leipzig","tag-leipziger-symphonieorchester","wpbf-post"],"acf":[],"_links":{"self":[{"href":"https:\/\/www.ekaterine.de\/es\/wp-json\/wp\/v2\/posts\/3714","targetHints":{"allow":["GET"]}}],"collection":[{"href":"https:\/\/www.ekaterine.de\/es\/wp-json\/wp\/v2\/posts"}],"about":[{"href":"https:\/\/www.ekaterine.de\/es\/wp-json\/wp\/v2\/types\/post"}],"author":[{"embeddable":true,"href":"https:\/\/www.ekaterine.de\/es\/wp-json\/wp\/v2\/users\/1"}],"replies":[{"embeddable":true,"href":"https:\/\/www.ekaterine.de\/es\/wp-json\/wp\/v2\/comments?post=3714"}],"version-history":[{"count":8,"href":"https:\/\/www.ekaterine.de\/es\/wp-json\/wp\/v2\/posts\/3714\/revisions"}],"predecessor-version":[{"id":3821,"href":"https:\/\/www.ekaterine.de\/es\/wp-json\/wp\/v2\/posts\/3714\/revisions\/3821"}],"wp:featuredmedia":[{"embeddable":true,"href":"https:\/\/www.ekaterine.de\/es\/wp-json\/wp\/v2\/media\/3803"}],"wp:attachment":[{"href":"https:\/\/www.ekaterine.de\/es\/wp-json\/wp\/v2\/media?parent=3714"}],"wp:term":[{"taxonomy":"category","embeddable":true,"href":"https:\/\/www.ekaterine.de\/es\/wp-json\/wp\/v2\/categories?post=3714"},{"taxonomy":"post_tag","embeddable":true,"href":"https:\/\/www.ekaterine.de\/es\/wp-json\/wp\/v2\/tags?post=3714"}],"curies":[{"name":"wp","href":"https:\/\/api.w.org\/{rel}","templated":true}]}}